{"id":3781,"date":"2018-10-23T09:01:45","date_gmt":"2018-10-23T07:01:45","guid":{"rendered":"http:\/\/dits.hr\/?p=3781"},"modified":"2019-02-26T13:03:56","modified_gmt":"2019-02-26T12:03:56","slug":"strucni-posjet-nuklearnoj-elektrani-krsko-14-9-2018","status":"publish","type":"post","link":"http:\/\/dits.hr\/?p=3781","title":{"rendered":"STRU\u010cNI POSJET NUKLEARNOJ ELEKTRANI KR\u0160KO 14.9.2018"},"content":{"rendered":"<p><span style=\"font-family: helvetica, arial, sans-serif; font-size: 12pt;\"><a href=\"http:\/\/dits.hr\/wp-content\/uploads\/2018\/10\/20180914_130540.jpg\"><img loading=\"lazy\" decoding=\"async\" class=\"alignleft wp-image-3782 size-medium\" src=\"http:\/\/dits.hr\/wp-content\/uploads\/2018\/10\/20180914_130540-300x189.jpg\" alt=\"\" width=\"300\" height=\"189\" srcset=\"http:\/\/dits.hr\/wp-content\/uploads\/2018\/10\/20180914_130540-300x189.jpg 300w, http:\/\/dits.hr\/wp-content\/uploads\/2018\/10\/20180914_130540-768x483.jpg 768w, http:\/\/dits.hr\/wp-content\/uploads\/2018\/10\/20180914_130540-1024x644.jpg 1024w, http:\/\/dits.hr\/wp-content\/uploads\/2018\/10\/20180914_130540.jpg 1420w\" sizes=\"auto, (max-width: 300px) 100vw, 300px\" \/><\/a>Dru\u0161tvo in\u017eenjera i tehni\u010dara Grada Samobora je 14. rujna 2018. godine posjetilo Nuklearnu elektranu Kr\u0161ko, koja elektri\u010dnom energijom opskrbljuje potro\u0161a\u010de u Republici Hrvatskoj i Republici Sloveniji.<\/span><\/p>\n<p><span style=\"font-family: helvetica, arial, sans-serif; font-size: 12pt;\">Nuklearna elektrana Kr\u0161ko je u pogonu od 1983. godine, kada je planirani vijek rada elektrane bio 40 godina, odnosno do 2023. godine. Brojnim inovacijama u posljednjih nekoliko godine elektrana je s novim parogeneratorima i niskotla\u010dnim turbinama pove\u0107ala snagu na 707 MW.<\/span><\/p>\n<p><span style=\"font-family: helvetica, arial, sans-serif; font-size: 12pt;\">Zanimljive podatke o radu elektrane iznio nam je kolega Damir Mandi\u0107, dipl.ing., koji je najve\u0107i dio svog radnog vijeka proveo upravo u Nuklearnoj elektrani Kr\u0161ko.<\/span><\/p>\n<p><span style=\"font-family: helvetica, arial, sans-serif; font-size: 12pt;\">Razgledavanje Nuklearne elektrane omogu\u0107io nam je Miran Pribo\u017ei\u010d iz Slu\u017ebe za odnose s javno\u0161\u0107u, kojem i na ovaj na\u010din zahvaljujemo na dobro organiziranoj posjeti.<\/span><\/p>\n<p><span style=\"font-family: helvetica, arial, sans-serif; font-size: 12pt;\">Svaki na\u0161 stru\u010dni posjet ima i ugodno dru\u017eenje na kraju, ovog puta smo posjetili Seosko gospodarstvo Kr\u0161linov mlin, gdje smo uz izvrsnu doma\u0107u hranu i pi\u0107e, u\u017eivali u prekrasnom ambijentu uz potok Bregana i brojne doma\u0107e popevke.<\/span><\/p>\n<p>&nbsp;<\/p>\n<p><span style=\"font-family: helvetica, arial, sans-serif; font-size: 12pt;\">Vi\u0161e o ovom stru\u010dnom posjetu mo\u017eete pogledati <a href=\"https:\/\/youtu.be\/N60lcvTmwCM\"><u>ovdje<\/u><\/a><\/span><\/p>\n","protected":false},"excerpt":{"rendered":"<p>Dru\u0161tvo in\u017eenjera i tehni\u010dara Grada Samobora je 14. rujna 2018. godine posjetilo Nuklearnu elektranu Kr\u0161ko, koja elektri\u010dnom energijom opskrbljuje potro\u0161a\u010de u Republici Hrvatskoj i Republici Sloveniji. Nuklearna elektrana Kr\u0161ko je u pogonu od 1983. godine, kada je planirani vijek rada elektrane bio 40 godina, odnosno do 2023. godine. Brojnim inovacijama u posljednjih nekoliko godine elektrana [&hellip;]<\/p>\n","protected":false},"author":1,"featured_media":0,"comment_status":"open","ping_status":"open","sticky":false,"template":"","format":"standard","meta":{"footnotes":""},"categories":[1],"tags":[],"class_list":["post-3781","post","type-post","status-publish","format-standard","hentry","category-uncategorized"],"_links":{"self":[{"href":"http:\/\/dits.hr\/index.php?rest_route=\/wp\/v2\/posts\/3781","targetHints":{"allow":["GET"]}}],"collection":[{"href":"http:\/\/dits.hr\/index.php?rest_route=\/wp\/v2\/posts"}],"about":[{"href":"http:\/\/dits.hr\/index.php?rest_route=\/wp\/v2\/types\/post"}],"author":[{"embeddable":true,"href":"http:\/\/dits.hr\/index.php?rest_route=\/wp\/v2\/users\/1"}],"replies":[{"embeddable":true,"href":"http:\/\/dits.hr\/index.php?rest_route=%2Fwp%2Fv2%2Fcomments&post=3781"}],"version-history":[{"count":2,"href":"http:\/\/dits.hr\/index.php?rest_route=\/wp\/v2\/posts\/3781\/revisions"}],"predecessor-version":[{"id":3784,"href":"http:\/\/dits.hr\/index.php?rest_route=\/wp\/v2\/posts\/3781\/revisions\/3784"}],"wp:attachment":[{"href":"http:\/\/dits.hr\/index.php?rest_route=%2Fwp%2Fv2%2Fmedia&parent=3781"}],"wp:term":[{"taxonomy":"category","embeddable":true,"href":"http:\/\/dits.hr\/index.php?rest_route=%2Fwp%2Fv2%2Fcategories&post=3781"},{"taxonomy":"post_tag","embeddable":true,"href":"http:\/\/dits.hr\/index.php?rest_route=%2Fwp%2Fv2%2Ftags&post=3781"}],"curies":[{"name":"wp","href":"https:\/\/api.w.org\/{rel}","templated":true}]}}