{"id":3706,"date":"2018-03-08T09:50:20","date_gmt":"2018-03-08T08:50:20","guid":{"rendered":"http:\/\/dits.hr\/?p=3706"},"modified":"2024-03-10T20:18:19","modified_gmt":"2024-03-10T19:18:19","slug":"predstavljen-projekt-obnova-ustave-na-gradni","status":"publish","type":"post","link":"http:\/\/dits.hr\/?p=3706","title":{"rendered":"Dru\u0161tvo in\u017eenjera i tehni\u010dara Grada Samobora je 6.3.2018. godine u Gradskoj vije\u0107nici predstavilo novi projekt  &#8211; Ustava na Gradni."},"content":{"rendered":"<p class=\"intro\">&nbsp;<\/p>\n<div class=\"gmail_default\"><span style=\"font-family: helvetica, arial, sans-serif; font-size: 12pt;\">Dru\u0161tvo in\u017eenjera i tehni\u010dara Grada Samobora je 6.3.2018. godine u Gradskoj vije\u0107nici predstavilo novi projekt Dru\u0161tva in\u017eenjera i tehni\u010dara Grada Samobora &#8211; Ustava na Gradni.<\/span><\/div>\n<div class=\"gmail_default\"><span style=\"font-family: helvetica, arial, sans-serif; font-size: 12pt;\">Projektant Radovan Vugrinec, detaljno je izlo\u017eio koncept projekta ustave, koji \u0107e dati novi atraktivan izgled Gradne, te suvremeni&nbsp; rje\u0161enjem vratiti nekada\u0161nji izgled &#8220;Samoborske Venecije&#8221;.<\/span><\/div>\n<p class=\"intro\"><span style=\"font-size: 12pt; font-family: helvetica, arial, sans-serif;\"><a href=\"http:\/\/dits.hr\/wp-content\/uploads\/2018\/03\/projekcija1_16922.jpg\"><img loading=\"lazy\" decoding=\"async\" class=\"size-medium wp-image-3723 alignleft\" src=\"http:\/\/dits.hr\/wp-content\/uploads\/2018\/03\/projekcija1_16922-300x225.jpg\" alt=\"\" width=\"300\" height=\"225\" srcset=\"http:\/\/dits.hr\/wp-content\/uploads\/2018\/03\/projekcija1_16922-300x225.jpg 300w, http:\/\/dits.hr\/wp-content\/uploads\/2018\/03\/projekcija1_16922-768x575.jpg 768w, http:\/\/dits.hr\/wp-content\/uploads\/2018\/03\/projekcija1_16922-1024x767.jpg 1024w, http:\/\/dits.hr\/wp-content\/uploads\/2018\/03\/projekcija1_16922.jpg 2000w\" sizes=\"auto, (max-width: 300px) 100vw, 300px\" \/><\/a><\/span><\/p>\n<p class=\"intro\"><span style=\"font-size: 12pt; font-family: helvetica, arial, sans-serif;\">Predvi\u0111ena je i izgradnja pje\u0161a\u010dkog mosti\u0107a namijenjenog turisti\u010dkom obilasku<\/span><\/p>\n<div class=\"my-texts\">\n<p><span style=\"font-size: 12pt; font-family: helvetica, arial, sans-serif;\">Dru\u0161tvo in\u017eenjera i tehni\u010dara grada Samobora iznijelo je Gradu Samoboru prijedlog obnove stare ustave na Gradni koja je stvarala akumulaciju Bajer u samom sredi\u0161tu Samobora.<\/span><\/p>\n<p><span style=\"font-size: 12pt; font-family: helvetica, arial, sans-serif;\">Ustava je slu\u017eila za pokretanje mlina Reklama u neposrednoj blizini, a usporena voda Gradne posebnim kanalom se usmjeravala na mlinsko kolo koje je pokretalo stari mlin za mljevenje \u017eitarica. Budu\u0107i da su drvene zapornice bile vrlo spore za dizanje kod nailaska velikih voda Gradne, Hrvatske vode odlu\u010dile su ih ukloniti jer su bile neefikasne za brzu reakciju. Slijedom toga, sam mlin je uskoro prestao s radom, a potok Gradna izgubio je na svojoj prepoznatljivosti. Kako bi se obnovilo prija\u0161nje stanje, odabrana je stara lokacija za novu ustavu Samobor, a odabrana je visina vode u akumulaciji na pribli\u017eno istoj koti kao i kod stare akumulacije. Za usporavanje vode izabrana je klapna koja se pri nailasku ve\u0107ih voda automatski spu\u0161ta, a nakon prolaska tih voda, vra\u0107a se i podi\u017ee u po\u010detni polo\u017eaj. Neposredno uzvodno od nove ustave, predvi\u0111ena je izgradnja pje\u0161a\u010dkog mosti\u0107a namijenjenog turisti\u010dkom obilasku ustave Samobor te prolazu preko potoka Gradna. Kako bi se obnovio dojam starog mlina Reklama, predvi\u0111eno je i mlinsko kolo na desnoj obali potoka Gradna koje bi bilo stalno u pogonu, a u vi\u0161im fazama projekta, mogu\u0107e je ovdje ugraditi i generator za proizvodnju struje.&nbsp;<\/span><\/p>\n<p><span style=\"font-size: 12pt; font-family: helvetica, arial, sans-serif;\"><a href=\"http:\/\/dits.hr\/wp-content\/uploads\/2018\/03\/grad_drustvo_inzenjera_6.3.2018._1_161011.jpg\"><img loading=\"lazy\" decoding=\"async\" class=\"size-medium wp-image-3721 alignright\" src=\"http:\/\/dits.hr\/wp-content\/uploads\/2018\/03\/grad_drustvo_inzenjera_6.3.2018._1_161011-300x225.jpg\" alt=\"\" width=\"300\" height=\"225\" srcset=\"http:\/\/dits.hr\/wp-content\/uploads\/2018\/03\/grad_drustvo_inzenjera_6.3.2018._1_161011-300x225.jpg 300w, http:\/\/dits.hr\/wp-content\/uploads\/2018\/03\/grad_drustvo_inzenjera_6.3.2018._1_161011-768x576.jpg 768w, http:\/\/dits.hr\/wp-content\/uploads\/2018\/03\/grad_drustvo_inzenjera_6.3.2018._1_161011-1024x768.jpg 1024w, http:\/\/dits.hr\/wp-content\/uploads\/2018\/03\/grad_drustvo_inzenjera_6.3.2018._1_161011.jpg 2000w\" sizes=\"auto, (max-width: 300px) 100vw, 300px\" \/><\/a>Zamjenik gradona\u010delnika \u017deljko Stanec istaknuo je kako Grad Samobor podr\u017eava ovu inicijativu, no njezina realizacija ovisi ponajvi\u0161e o Hrvatskim vodama. \u201eDat \u0107emo sve od sebe kako bi Hrvatske vode prepoznale ovaj projekt i omogu\u0107ile njegovu realizaciju. Ovdje imate potpunu podr\u0161ku Grada.\u201c, dodao je Stanec.&nbsp;<\/span><\/p>\n<p><span style=\"font-size: 12pt; font-family: helvetica, arial, sans-serif;\">I zamjenica gradona\u010delnika Sanja Horvat Ivekovi\u0107 istaknula je kako bi ovaj projekt imao veliki zna\u010daj za Samobor jer bi dao dodatni turisti\u010dki zna\u010daj centru grada.&nbsp;<\/span><\/p>\n<p><span style=\"font-size: 12pt; font-family: helvetica, arial, sans-serif;\">Osim o obnovi ustave na Gradni, bilo je rije\u010di i o daljnjoj obnovi&nbsp;kompozicije vlaka Samobor\u010deka, na inicijativu samoborskog Rottary kluba. Naime, u tijeku su radovi na obnovi krovova vagona, a Grad, Samoborski muzej i Rottary klub zajedni\u010dki \u0107e raditi na tome da se osiguraju sredstva za cjelovitu obnovu Samobor\u010deka. Iz toga razloga nije se ni zapo\u010delo s ure\u0111enjem parka u kojem se vlak nalazi, jer se tra\u017ei inovativno rje\u0161enje zabavnog, ali i edukativnog karaktera, koje \u0107e privu\u0107i nove posjetitelje, a u kojem \u0107e sudjelovati i Dru\u0161tvo in\u017eenjera i tehni\u010dara.&nbsp;<\/span><\/p>\n<p><span style=\"font-size: 12pt; font-family: helvetica, arial, sans-serif;\">Projektant je Radovan Vugrinec, dipl. in\u017e. gra\u0111., za hidrolo\u0161ke i hidrauli\u010dke obrade zaslu\u017ean je prof. dr. Boris Berakovi\u0107, dipl. in\u017e. gra\u0111., geodetske podloge izvr\u0161io je GEO-BIM, d.o.o. Samobor, a obradu&nbsp;priloga: Dra\u017een Lokmer, dipl. ing. arh.<\/span><\/p>\n<\/div>\n\n\t<!-- Thumbnails Link -->\n\t<div class=\"slideshowlink\">\n        <a href='http:\/\/dits.hr\/index.php\/nggallery\/thumbnails?p=3706'>&#091;Show thumbnails&#093;<\/a>\n\t<\/div>\n\n<div class=\"ngg-slideshow-image-list ngg-slideshow-nojs\" id=\"ngg-slideshow-2e908036d13f154db2b77988701feb20-6566449580-image-list\">\n\t<div id=\"ngg-image-0\" class=\"ngg-gallery-slideshow-image\" >\n\t\t<img data-image-id='548'\n\t\t     title=\"\"\n\t\t     alt=\"grad_drustvo_inzenjera_6.3.2018._1_161011\"\n\t\t     src=\"http:\/\/dits.hr\/wp-content\/gallery\/gradna\/grad_drustvo_inzenjera_6.3.2018._1_161011.jpg\"\n\t\t     width=\"533\"\n\t\t     height=\"400\"\/>\n\t\t<\/div> \n<div id=\"ngg-image-1\" class=\"ngg-gallery-slideshow-image\" >\n\t\t<img data-image-id='549'\n\t\t     title=\"\"\n\t\t     alt=\"img_4707(2)_resized_16852\"\n\t\t     src=\"http:\/\/dits.hr\/wp-content\/gallery\/gradna\/img_47072_resized_16852.jpg.jpg\"\n\t\t     width=\"600\"\n\t\t     height=\"391\"\/>\n\t\t<\/div> \n<div id=\"ngg-image-2\" class=\"ngg-gallery-slideshow-image\" >\n\t\t<img data-image-id='550'\n\t\t     title=\"\"\n\t\t     alt=\"projekcija1_16922\"\n\t\t     src=\"http:\/\/dits.hr\/wp-content\/gallery\/gradna\/projekcija1_16922.jpg\"\n\t\t     width=\"534\"\n\t\t     height=\"400\"\/>\n\t\t<\/div> \n<div id=\"ngg-image-3\" class=\"ngg-gallery-slideshow-image\" >\n\t\t<img data-image-id='551'\n\t\t     title=\"\"\n\t\t     alt=\"projekcija2_16923\"\n\t\t     src=\"http:\/\/dits.hr\/wp-content\/gallery\/gradna\/projekcija2_16923.jpg\"\n\t\t     width=\"534\"\n\t\t     height=\"400\"\/>\n\t\t<\/div> \n<div id=\"ngg-image-4\" class=\"ngg-gallery-slideshow-image\" >\n\t\t<img data-image-id='552'\n\t\t     title=\"\"\n\t\t     alt=\"projekcija4_16923\"\n\t\t     src=\"http:\/\/dits.hr\/wp-content\/gallery\/gradna\/projekcija4_16923.jpg\"\n\t\t     width=\"600\"\n\t\t     height=\"380\"\/>\n\t\t<\/div> \n<div id=\"ngg-image-5\" class=\"ngg-gallery-slideshow-image\" >\n\t\t<img data-image-id='553'\n\t\t     title=\"\"\n\t\t     alt=\"ustava_prije1_16925\"\n\t\t     src=\"http:\/\/dits.hr\/wp-content\/gallery\/gradna\/ustava_prije1_16925.jpg\"\n\t\t     width=\"317\"\n\t\t     height=\"400\"\/>\n\t\t<\/div> \n<\/div>\n<div class=\"ngg-galleryoverview ngg-slideshow\"\n     id=\"ngg-slideshow-2e908036d13f154db2b77988701feb20-6566449580\"\n     data-placeholder=\"http:\/\/dits.hr\/wp-content\/plugins\/nextgen-gallery\/products\/photocrati_nextgen\/modules\/nextgen_basic_gallery\/static\/slideshow\/placeholder.gif\"\n     style=\"max-width: 600px; max-height: 400px;\">\n\t<div class=\"ngg-slideshow-loader\"\n\t     id=\"ngg-slideshow-2e908036d13f154db2b77988701feb20-6566449580-loader\"\n\t     style=\"width: 600px; height: 400px;\">\n\t\t<img src=\"http:\/\/dits.hr\/wp-content\/plugins\/nextgen-gallery\/products\/photocrati_nextgen\/modules\/ngglegacy\/images\/loader.gif\" alt=\"\"\/>\n\t<\/div>\n<\/div>\n<script type=\"text\/javascript\">\n\tjQuery('#ngg-slideshow-2e908036d13f154db2b77988701feb20-6566449580-image-list').hide().removeClass('ngg-slideshow-nojs');\n\tjQuery(function($) {\n\t\tjQuery('#ngg-slideshow-2e908036d13f154db2b77988701feb20-6566449580').nggShowSlideshow({\n\t\t\tid: '2e908036d13f154db2b77988701feb20',\n\t\t\tfx: 'fade',\n\t\t\twidth: 600,\n\t\t\theight: 400,\n\t\t\tdomain: 'http:\/\/dits.hr\/',\n\t\t\ttimeout: 10000\t\t});\n\t});\n<\/script>\n\n<p>Izvor :&nbsp;<\/p>\n<p><a href=\"https:\/\/www.samobor.hr\/grad\/obnova-ustave-na-gradni-nova-atrakcija-samobora-n2257\">https:\/\/www.samobor.hr\/grad\/obnova-ustave-na-gradni-nova-atrakcija-samobora-n2257<\/a> <\/p>\n","protected":false},"excerpt":{"rendered":"<p>&nbsp; Dru\u0161tvo in\u017eenjera i tehni\u010dara Grada Samobora je 6.3.2018. godine u Gradskoj vije\u0107nici predstavilo novi projekt Dru\u0161tva in\u017eenjera i tehni\u010dara Grada Samobora &#8211; Ustava na Gradni. Projektant Radovan Vugrinec, detaljno je izlo\u017eio koncept projekta ustave, koji \u0107e dati novi atraktivan izgled Gradne, te suvremeni&nbsp; rje\u0161enjem vratiti nekada\u0161nji izgled &#8220;Samoborske Venecije&#8221;. Predvi\u0111ena je i izgradnja pje\u0161a\u010dkog [&hellip;]<\/p>\n","protected":false},"author":1,"featured_media":3723,"comment_status":"closed","ping_status":"closed","sticky":false,"template":"","format":"standard","meta":{"footnotes":""},"categories":[4],"tags":[],"class_list":["post-3706","post","type-post","status-publish","format-standard","has-post-thumbnail","hentry","category-predavanja"],"_links":{"self":[{"href":"http:\/\/dits.hr\/index.php?rest_route=\/wp\/v2\/posts\/3706","targetHints":{"allow":["GET"]}}],"collection":[{"href":"http:\/\/dits.hr\/index.php?rest_route=\/wp\/v2\/posts"}],"about":[{"href":"http:\/\/dits.hr\/index.php?rest_route=\/wp\/v2\/types\/post"}],"author":[{"embeddable":true,"href":"http:\/\/dits.hr\/index.php?rest_route=\/wp\/v2\/users\/1"}],"replies":[{"embeddable":true,"href":"http:\/\/dits.hr\/index.php?rest_route=%2Fwp%2Fv2%2Fcomments&post=3706"}],"version-history":[{"count":3,"href":"http:\/\/dits.hr\/index.php?rest_route=\/wp\/v2\/posts\/3706\/revisions"}],"predecessor-version":[{"id":3731,"href":"http:\/\/dits.hr\/index.php?rest_route=\/wp\/v2\/posts\/3706\/revisions\/3731"}],"wp:featuredmedia":[{"embeddable":true,"href":"http:\/\/dits.hr\/index.php?rest_route=\/wp\/v2\/media\/3723"}],"wp:attachment":[{"href":"http:\/\/dits.hr\/index.php?rest_route=%2Fwp%2Fv2%2Fmedia&parent=3706"}],"wp:term":[{"taxonomy":"category","embeddable":true,"href":"http:\/\/dits.hr\/index.php?rest_route=%2Fwp%2Fv2%2Fcategories&post=3706"},{"taxonomy":"post_tag","embeddable":true,"href":"http:\/\/dits.hr\/index.php?rest_route=%2Fwp%2Fv2%2Ftags&post=3706"}],"curies":[{"name":"wp","href":"https:\/\/api.w.org\/{rel}","templated":true}]}}