{"id":296,"date":"2016-02-15T10:54:22","date_gmt":"2016-02-15T09:54:22","guid":{"rendered":"http:\/\/dits.hr\/?p=296"},"modified":"2018-02-26T08:59:16","modified_gmt":"2018-02-26T07:59:16","slug":"odrzano-predavanje-o-utjecaju-karlovackog-odlagalista-otpada-na-kvalitetu-voda","status":"publish","type":"post","link":"http:\/\/dits.hr\/?p=296","title":{"rendered":"Odr\u017eano predavanje o utjecaju karlova\u010dkog odlagali\u0161ta otpada na kvalitetu voda"},"content":{"rendered":"<p>Vi\u0161a inspektorica za\u0161tite okoli\u0161a Ministarstva za\u0161tite okoli\u0161a i prirode, mr.sc. Jadranka Grbini\u0107 odr\u017eala&nbsp;je 15.2.2016. u Gradskoj knji\u017enici Samobor zanimljivo predavanje pod nazivom \u201eUtjecaj odlagali\u0161ta&nbsp;otpada Grada Karlovca na kvlitetu podzemnih i povr\u0161inskih voda\u201c.<\/p>\n<p>Tema predavanja okupila je znatan broj sudionika, koji su kroz raspravu o temi dobili informacije o&nbsp;tijeku pra\u0107enja kvalitete podzemnih i povr\u0161inskih voda na karlova\u010dkom odlagali\u0161tu, koje je u zavr\u0161noj&nbsp;fazi ure\u0111enja i svakodnevno se koristi.<\/p>\n<p><a href=\"http:\/\/dits.hr\/wp-content\/uploads\/2016\/02\/IMG_9246.jpg\" rel=\"attachment wp-att-295\"><img loading=\"lazy\" decoding=\"async\" class=\"aligncenter wp-image-295 size-large\" src=\"http:\/\/dits.hr\/wp-content\/uploads\/2016\/02\/IMG_9246-1024x768.jpg\" alt=\"IMG_9246\" width=\"474\" height=\"356\" srcset=\"http:\/\/dits.hr\/wp-content\/uploads\/2016\/02\/IMG_9246-1024x768.jpg 1024w, http:\/\/dits.hr\/wp-content\/uploads\/2016\/02\/IMG_9246-300x225.jpg 300w, http:\/\/dits.hr\/wp-content\/uploads\/2016\/02\/IMG_9246-768x576.jpg 768w, http:\/\/dits.hr\/wp-content\/uploads\/2016\/02\/IMG_9246.jpg 1632w\" sizes=\"auto, (max-width: 474px) 100vw, 474px\" \/><\/a> <a href=\"http:\/\/dits.hr\/wp-content\/uploads\/2016\/02\/IMG_9247.jpg\" rel=\"attachment wp-att-294\"><img loading=\"lazy\" decoding=\"async\" class=\"aligncenter size-large wp-image-294\" src=\"http:\/\/dits.hr\/wp-content\/uploads\/2016\/02\/IMG_9247-1024x768.jpg\" alt=\"IMG_9247\" width=\"474\" height=\"356\" srcset=\"http:\/\/dits.hr\/wp-content\/uploads\/2016\/02\/IMG_9247-1024x768.jpg 1024w, http:\/\/dits.hr\/wp-content\/uploads\/2016\/02\/IMG_9247-300x225.jpg 300w, http:\/\/dits.hr\/wp-content\/uploads\/2016\/02\/IMG_9247-768x576.jpg 768w, http:\/\/dits.hr\/wp-content\/uploads\/2016\/02\/IMG_9247.jpg 1632w\" sizes=\"auto, (max-width: 474px) 100vw, 474px\" \/><\/a><\/p>\n","protected":false},"excerpt":{"rendered":"<p>Vi\u0161a inspektorica za\u0161tite okoli\u0161a Ministarstva za\u0161tite okoli\u0161a i prirode, mr.sc. Jadranka Grbini\u0107 odr\u017eala&nbsp;je 15.2.2016. u Gradskoj knji\u017enici Samobor zanimljivo predavanje pod nazivom \u201eUtjecaj odlagali\u0161ta&nbsp;otpada Grada Karlovca na kvlitetu podzemnih i povr\u0161inskih voda\u201c. Tema predavanja okupila je znatan broj sudionika, koji su kroz raspravu o temi dobili informacije o&nbsp;tijeku pra\u0107enja kvalitete podzemnih i povr\u0161inskih voda na [&hellip;]<\/p>\n","protected":false},"author":1,"featured_media":0,"comment_status":"closed","ping_status":"closed","sticky":false,"template":"","format":"standard","meta":{"footnotes":""},"categories":[1],"tags":[],"class_list":["post-296","post","type-post","status-publish","format-standard","hentry","category-uncategorized"],"_links":{"self":[{"href":"http:\/\/dits.hr\/index.php?rest_route=\/wp\/v2\/posts\/296","targetHints":{"allow":["GET"]}}],"collection":[{"href":"http:\/\/dits.hr\/index.php?rest_route=\/wp\/v2\/posts"}],"about":[{"href":"http:\/\/dits.hr\/index.php?rest_route=\/wp\/v2\/types\/post"}],"author":[{"embeddable":true,"href":"http:\/\/dits.hr\/index.php?rest_route=\/wp\/v2\/users\/1"}],"replies":[{"embeddable":true,"href":"http:\/\/dits.hr\/index.php?rest_route=%2Fwp%2Fv2%2Fcomments&post=296"}],"version-history":[{"count":4,"href":"http:\/\/dits.hr\/index.php?rest_route=\/wp\/v2\/posts\/296\/revisions"}],"predecessor-version":[{"id":3626,"href":"http:\/\/dits.hr\/index.php?rest_route=\/wp\/v2\/posts\/296\/revisions\/3626"}],"wp:attachment":[{"href":"http:\/\/dits.hr\/index.php?rest_route=%2Fwp%2Fv2%2Fmedia&parent=296"}],"wp:term":[{"taxonomy":"category","embeddable":true,"href":"http:\/\/dits.hr\/index.php?rest_route=%2Fwp%2Fv2%2Fcategories&post=296"},{"taxonomy":"post_tag","embeddable":true,"href":"http:\/\/dits.hr\/index.php?rest_route=%2Fwp%2Fv2%2Ftags&post=296"}],"curies":[{"name":"wp","href":"https:\/\/api.w.org\/{rel}","templated":true}]}}