{"id":2769,"date":"2017-02-05T10:36:13","date_gmt":"2017-02-05T09:36:13","guid":{"rendered":"http:\/\/dits.hr\/?p=2769"},"modified":"2018-02-26T09:01:46","modified_gmt":"2018-02-26T08:01:46","slug":"strucno-predavanje-o-geotermalnim-vodama-smidhenovih-toplica-i-njihovoj-povijesti-31-1-2017","status":"publish","type":"post","link":"http:\/\/dits.hr\/?p=2769","title":{"rendered":"Stru\u010dno predavanje o geotermalnim vodama \u0160midhenovih toplica i njihovoj povijesti 31.1.2017."},"content":{"rendered":"<div id=\"pl-2769\"><div class=\"panel-grid\" id=\"pg-2769-0\" ><div class=\"panel-grid-cell\" id=\"pgc-2769-0-0\" ><div class=\"so-panel widget widget_sow-editor panel-first-child panel-last-child\" id=\"panel-2769-0-0-0\" data-index=\"0\"><div class=\"so-widget-sow-editor so-widget-sow-editor-base\">\n<div class=\"siteorigin-widget-tinymce textwidget\">\n\t<p><span style=\"font-family: helvetica, arial, sans-serif; font-size: 12pt;\"><a href=\"http:\/\/dits.hr\/wp-content\/uploads\/2017\/02\/1.jpg\"><img loading=\"lazy\" decoding=\"async\" class=\"alignleft wp-image-2770 size-medium\" src=\"http:\/\/dits.hr\/wp-content\/uploads\/2017\/02\/1-300x204.jpg\" width=\"300\" height=\"204\" srcset=\"http:\/\/dits.hr\/wp-content\/uploads\/2017\/02\/1-300x204.jpg 300w, http:\/\/dits.hr\/wp-content\/uploads\/2017\/02\/1-768x522.jpg 768w, http:\/\/dits.hr\/wp-content\/uploads\/2017\/02\/1.jpg 900w\" sizes=\"auto, (max-width: 300px) 100vw, 300px\" \/><\/a><\/span><\/p>\n<p>&nbsp;<\/p>\n<p><span style=\"font-family: helvetica, arial, sans-serif; font-size: 12pt;\">Hrvatska se u svijetu nerijetko predstavlja kao zemlja raznolikih i iznimnih prirodnih ljepota, pri \u010demu se velik dio tog blaga odnosi na bogatstvo voda kojima na\u0161a zemlja obiluje. No, da ba\u0161 nije sve tako sjajno kako izgleda na razglednicima ili drugim promotivnim materijalima koje \u0161aljemo u svijet, govorili su u utorak, 31. sije\u010dnja, predava\u010di Radovan \u010cepelak i Sreten Romandi\u0107, na temu Geobalneolo\u0161ka i geofizi\u010dka obilje\u017eja \u0160midhenovih toplica, koja je na Gra\u0111anski utorak privukla brojne Samoborce.<\/span><\/p>\n<p>&nbsp;<\/p>\n<p><span style=\"font-family: helvetica, arial, sans-serif; font-size: 12pt;\">Na\u0161e biv\u0161e kupali\u0161te \u0160midhen tek je jedan od brojnih primjera koji potvr\u0111uje kako su na\u0161i preci daleko vi\u0161e pa\u017enje polagali prirodnim resursima, jer su dobrim dijelom i ovisili o njima, pa su ih stoga \u010duvali i koristili sukladno svojim potrebama.<\/span><\/p>\n<p><span style=\"font-size: 12pt; font-family: helvetica, arial, sans-serif;\">\u0160midhena danas vi\u0161e nema. Doslovce je nestao zbog nebrige i pohlepe ljudi koje je zanimala uglavnom tek izravna korist i profit, a koje bi mogli ostvariti za svoja \"ulaganja\", na \u0161to sam Grad Samobor tijekom pro\u0161lih desetlje\u0107a nije imao previ\u0161e utjecaja.<\/span><\/p>\n<p><span style=\"font-size: 12pt; font-family: helvetica, arial, sans-serif;\">K tome, prema rije\u010dima na\u0161ih stru\u010dnjaka, potrebni su dodatni istra\u017eni radovi i nove bu\u0161otine, na kojima bi se mo\u017eda prona\u0161la voda \u010dija je temperatura vi\u0161a od 28 ili 29 stupnjeva Celzijusa, koliko ona sada iznosi na poznatim izvorima na podru\u010dju \u0160midhena, dok, primjerice, na slovenskoj strani u \u010cate\u017eu ta prirodna temperatura vode dose\u017ee i vi\u0161e od 50 stupnjeva C. A da ne govorimo o tome da je ve\u0107i dio podru\u010dja biv\u0161eg \u0160midhena i eventualnih budu\u0107ih bu\u0161otina u privatnom vlasni\u0161tvu.<\/span><\/p>\n<p><span style=\"font-size: 12pt; font-family: helvetica, arial, sans-serif;\">Dakle, nije sve oko \u0160midhena tako jednostavno kako izgleda, jer ulaganja u nova istra\u017eivanja su izuzetno skupa, a privatni vlasnici \u010desto tra\u017ee i nerealne cijene za svoje parcele.<\/span><\/p>\n<p><span style=\"font-size: 12pt; font-family: helvetica, arial, sans-serif;\">Predavanju su, osim \u010dlanova Dru\u0161tva in\u017eenjera i tehni\u010dara Grada Samobora, koji su bili i suorganizatori, nazo\u010dili u velikom broju i drugi na\u0161i sugra\u0111ani, kao i gradski \u010delnici koji se ve\u0107 niz godina bave problematikom \u0160midhena, na \u010delu s pro\u010delnikom Zvonkom \u017dupan\u010di\u0107em.<\/span><\/p>\n<p style=\"text-align: right;\"><span style=\"font-family: helvetica, arial, sans-serif; font-size: 12pt;\"><em>&nbsp;<\/em><\/span><span style=\"font-size: 8pt;\"><em><strong><span style=\"font-family: helvetica, arial, sans-serif;\">Tekst preuzet iz Glasnika Samobora i Svete Nedelje<\/span><\/strong><\/em><\/span><\/p>\n<p style=\"text-align: left;\"><iframe loading=\"lazy\"  id=\"_ytid_80358\" width=\"1140\" height=\"641\" src=\"https:\/\/www.youtube.com\/embed\/PLys9H_3Irs?enablejsapi=1&autoplay=0&cc_load_policy=0&iv_load_policy=1&loop=0&modestbranding=0&rel=1&showinfo=1&playsinline=0&autohide=2&theme=dark&color=red&controls=2&\" class=\"__youtube_prefs__ __youtube_prefs_widget__\" allowfullscreen data-no-lazy=\"1\"><\/iframe><\/p>\n<\/div>\n<\/div><\/div><\/div><\/div><div class=\"panel-grid\" id=\"pg-2769-1\" ><div class=\"panel-grid-cell\" id=\"pgc-2769-1-0\" ><div class=\"so-panel widget widget_sow-editor panel-first-child panel-last-child\" id=\"panel-2769-1-0-0\" data-index=\"1\"><div class=\"so-widget-sow-editor so-widget-sow-editor-base\">\n<div class=\"siteorigin-widget-tinymce textwidget\">\n\t<p><a href=\"http:\/\/dits.hr\/wp-content\/uploads\/2017\/02\/4.jpg\"><img loading=\"lazy\" decoding=\"async\" class=\"aligncenter wp-image-2773 size-medium\" src=\"http:\/\/dits.hr\/wp-content\/uploads\/2017\/02\/4-300x225.jpg\" width=\"300\" height=\"225\" srcset=\"http:\/\/dits.hr\/wp-content\/uploads\/2017\/02\/4-300x225.jpg 300w, http:\/\/dits.hr\/wp-content\/uploads\/2017\/02\/4.jpg 631w\" sizes=\"auto, (max-width: 300px) 100vw, 300px\" \/><\/a><\/p>\n<p style=\"text-align: center;\"><span style=\"font-family: helvetica, arial, sans-serif; font-size: 12pt;\">Moderator predavanja Ivan Opi\u0107<\/span><\/p>\n<\/div>\n<\/div><\/div><\/div><div class=\"panel-grid-cell\" id=\"pgc-2769-1-1\" ><div class=\"so-panel widget widget_sow-editor panel-first-child panel-last-child\" id=\"panel-2769-1-1-0\" data-index=\"2\"><div class=\"so-widget-sow-editor so-widget-sow-editor-base\">\n<div class=\"siteorigin-widget-tinymce textwidget\">\n\t<p><a href=\"http:\/\/dits.hr\/wp-content\/uploads\/2017\/02\/3.jpg\"><img loading=\"lazy\" decoding=\"async\" class=\"aligncenter wp-image-2772 size-medium\" src=\"http:\/\/dits.hr\/wp-content\/uploads\/2017\/02\/3-300x225.jpg\" width=\"300\" height=\"225\" srcset=\"http:\/\/dits.hr\/wp-content\/uploads\/2017\/02\/3-300x225.jpg 300w, http:\/\/dits.hr\/wp-content\/uploads\/2017\/02\/3.jpg 640w\" sizes=\"auto, (max-width: 300px) 100vw, 300px\" \/><\/a><\/p>\n<p style=\"text-align: center;\"><span style=\"font-family: helvetica, arial, sans-serif; font-size: 12pt;\">Radovan \u010cepelak<\/span><\/p>\n<\/div>\n<\/div><\/div><\/div><div class=\"panel-grid-cell\" id=\"pgc-2769-1-2\" ><div class=\"so-panel widget widget_sow-editor panel-first-child panel-last-child\" id=\"panel-2769-1-2-0\" data-index=\"3\"><div class=\"so-widget-sow-editor so-widget-sow-editor-base\">\n<div class=\"siteorigin-widget-tinymce textwidget\">\n\t<p><a href=\"http:\/\/dits.hr\/wp-content\/uploads\/2017\/02\/2.jpg\"><img loading=\"lazy\" decoding=\"async\" class=\"aligncenter wp-image-2771 size-medium\" src=\"http:\/\/dits.hr\/wp-content\/uploads\/2017\/02\/2-300x225.jpg\" width=\"300\" height=\"225\" srcset=\"http:\/\/dits.hr\/wp-content\/uploads\/2017\/02\/2-300x225.jpg 300w, http:\/\/dits.hr\/wp-content\/uploads\/2017\/02\/2.jpg 640w\" sizes=\"auto, (max-width: 300px) 100vw, 300px\" \/><\/a><\/p>\n<p style=\"text-align: center;\"><span style=\"font-family: helvetica, arial, sans-serif; font-size: 12pt;\">Sreten Romandi\u0107<\/span><\/p>\n<\/div>\n<\/div><\/div><\/div><\/div><\/div>","protected":false},"excerpt":{"rendered":"<p>&nbsp; Hrvatska se u svijetu nerijetko predstavlja kao zemlja raznolikih i iznimnih prirodnih ljepota, pri \u010demu se velik dio tog blaga odnosi na bogatstvo voda kojima na\u0161a zemlja obiluje. No, da ba\u0161 nije sve tako sjajno kako izgleda na razglednicima ili drugim promotivnim materijalima koje \u0161aljemo u svijet, govorili su u utorak, 31. sije\u010dnja, predava\u010di [&hellip;]<\/p>\n","protected":false},"author":1,"featured_media":2770,"comment_status":"closed","ping_status":"closed","sticky":false,"template":"","format":"standard","meta":{"footnotes":""},"categories":[1],"tags":[],"class_list":["post-2769","post","type-post","status-publish","format-standard","has-post-thumbnail","hentry","category-uncategorized"],"_links":{"self":[{"href":"http:\/\/dits.hr\/index.php?rest_route=\/wp\/v2\/posts\/2769","targetHints":{"allow":["GET"]}}],"collection":[{"href":"http:\/\/dits.hr\/index.php?rest_route=\/wp\/v2\/posts"}],"about":[{"href":"http:\/\/dits.hr\/index.php?rest_route=\/wp\/v2\/types\/post"}],"author":[{"embeddable":true,"href":"http:\/\/dits.hr\/index.php?rest_route=\/wp\/v2\/users\/1"}],"replies":[{"embeddable":true,"href":"http:\/\/dits.hr\/index.php?rest_route=%2Fwp%2Fv2%2Fcomments&post=2769"}],"version-history":[{"count":6,"href":"http:\/\/dits.hr\/index.php?rest_route=\/wp\/v2\/posts\/2769\/revisions"}],"predecessor-version":[{"id":3636,"href":"http:\/\/dits.hr\/index.php?rest_route=\/wp\/v2\/posts\/2769\/revisions\/3636"}],"wp:featuredmedia":[{"embeddable":true,"href":"http:\/\/dits.hr\/index.php?rest_route=\/wp\/v2\/media\/2770"}],"wp:attachment":[{"href":"http:\/\/dits.hr\/index.php?rest_route=%2Fwp%2Fv2%2Fmedia&parent=2769"}],"wp:term":[{"taxonomy":"category","embeddable":true,"href":"http:\/\/dits.hr\/index.php?rest_route=%2Fwp%2Fv2%2Fcategories&post=2769"},{"taxonomy":"post_tag","embeddable":true,"href":"http:\/\/dits.hr\/index.php?rest_route=%2Fwp%2Fv2%2Ftags&post=2769"}],"curies":[{"name":"wp","href":"https:\/\/api.w.org\/{rel}","templated":true}]}}