{"id":2719,"date":"2008-05-17T20:49:53","date_gmt":"2008-05-17T18:49:53","guid":{"rendered":"http:\/\/dits.hr\/?p=2719"},"modified":"2018-02-26T08:46:57","modified_gmt":"2018-02-26T07:46:57","slug":"17-05-2008-hidroelektrana-ozalj-i-gradski-muzej","status":"publish","type":"post","link":"http:\/\/dits.hr\/?p=2719","title":{"rendered":"17. 05. 2008. Hidroelektrana Ozalj i Gradski muzej"},"content":{"rendered":"<p><strong><span style=\"font-family: helvetica, arial, sans-serif; font-size: 12pt;\">17. 05. 2008. Hidroelektrana Ozalj i Gradski muzej<\/span><\/strong><\/p>\n<p><strong><span style=\"font-family: helvetica, arial, sans-serif; font-size: 12pt;\">Voditelj izleta: Dragutin Lokmer<\/span><\/strong><\/p>\n<p><strong><span style=\"font-family: helvetica, arial, sans-serif; font-size: 12pt;\">Organizacija: Radovan Vugrinec, Jovan \u0160u\u0107urovi\u0107<\/span><\/strong><\/p>\n<p><strong><span style=\"font-family: helvetica, arial, sans-serif; font-size: 12pt;\">&nbsp;<\/span><\/strong><\/p>\n<p><span style=\"font-family: helvetica, arial, sans-serif; font-size: 12pt;\">Ciljani izleti koji uvijek uklju\u010duju op\u0107e kulturni ili kulturno-tehni\u010dki sadr\u017eaj postali su tradicija pa je tako put vodio u Ozalj gdje je posje\u0107ena gotovo stotinu godina stara hidroelektrana Ozalj, sagra\u0111ena kao \u201eMunjara grada Karlovca\u201c i potom Zavi\u010dajni muzej Ozalj koji pored eksponata koji svjedo\u010de o povijesnom razvojnom putu ovog kraja, nudi i krasnu zbirku Slave Ra\u0161kaj.<\/span><\/p>\n<p><img loading=\"lazy\" decoding=\"async\" class=\"aligncenter wp-image-2720 size-full\" src=\"http:\/\/dits.hr\/wp-content\/uploads\/2017\/01\/Bez-naslov2.png\" width=\"428\" height=\"331\" srcset=\"http:\/\/dits.hr\/wp-content\/uploads\/2017\/01\/Bez-naslov2.png 428w, http:\/\/dits.hr\/wp-content\/uploads\/2017\/01\/Bez-naslov2-300x232.png 300w\" sizes=\"auto, (max-width: 428px) 100vw, 428px\" \/> <img loading=\"lazy\" decoding=\"async\" class=\"aligncenter wp-image-2721 size-full\" src=\"http:\/\/dits.hr\/wp-content\/uploads\/2017\/01\/Bez-naslova.png\" width=\"428\" height=\"331\" srcset=\"http:\/\/dits.hr\/wp-content\/uploads\/2017\/01\/Bez-naslova.png 428w, http:\/\/dits.hr\/wp-content\/uploads\/2017\/01\/Bez-naslova-300x232.png 300w\" sizes=\"auto, (max-width: 428px) 100vw, 428px\" \/><\/p>\n","protected":false},"excerpt":{"rendered":"<p>17. 05. 2008. Hidroelektrana Ozalj i Gradski muzej Voditelj izleta: Dragutin Lokmer Organizacija: Radovan Vugrinec, Jovan \u0160u\u0107urovi\u0107 &nbsp; Ciljani izleti koji uvijek uklju\u010duju op\u0107e kulturni ili kulturno-tehni\u010dki sadr\u017eaj postali su tradicija pa je tako put vodio u Ozalj gdje je posje\u0107ena gotovo stotinu godina stara hidroelektrana Ozalj, sagra\u0111ena kao \u201eMunjara grada Karlovca\u201c i potom Zavi\u010dajni [&hellip;]<\/p>\n","protected":false},"author":1,"featured_media":2721,"comment_status":"closed","ping_status":"closed","sticky":false,"template":"","format":"standard","meta":{"footnotes":""},"categories":[1],"tags":[],"class_list":["post-2719","post","type-post","status-publish","format-standard","has-post-thumbnail","hentry","category-uncategorized"],"_links":{"self":[{"href":"http:\/\/dits.hr\/index.php?rest_route=\/wp\/v2\/posts\/2719","targetHints":{"allow":["GET"]}}],"collection":[{"href":"http:\/\/dits.hr\/index.php?rest_route=\/wp\/v2\/posts"}],"about":[{"href":"http:\/\/dits.hr\/index.php?rest_route=\/wp\/v2\/types\/post"}],"author":[{"embeddable":true,"href":"http:\/\/dits.hr\/index.php?rest_route=\/wp\/v2\/users\/1"}],"replies":[{"embeddable":true,"href":"http:\/\/dits.hr\/index.php?rest_route=%2Fwp%2Fv2%2Fcomments&post=2719"}],"version-history":[{"count":3,"href":"http:\/\/dits.hr\/index.php?rest_route=\/wp\/v2\/posts\/2719\/revisions"}],"predecessor-version":[{"id":3576,"href":"http:\/\/dits.hr\/index.php?rest_route=\/wp\/v2\/posts\/2719\/revisions\/3576"}],"wp:featuredmedia":[{"embeddable":true,"href":"http:\/\/dits.hr\/index.php?rest_route=\/wp\/v2\/media\/2721"}],"wp:attachment":[{"href":"http:\/\/dits.hr\/index.php?rest_route=%2Fwp%2Fv2%2Fmedia&parent=2719"}],"wp:term":[{"taxonomy":"category","embeddable":true,"href":"http:\/\/dits.hr\/index.php?rest_route=%2Fwp%2Fv2%2Fcategories&post=2719"},{"taxonomy":"post_tag","embeddable":true,"href":"http:\/\/dits.hr\/index.php?rest_route=%2Fwp%2Fv2%2Ftags&post=2719"}],"curies":[{"name":"wp","href":"https:\/\/api.w.org\/{rel}","templated":true}]}}