{"id":2715,"date":"2006-10-10T20:42:09","date_gmt":"2006-10-10T18:42:09","guid":{"rendered":"http:\/\/dits.hr\/?p=2715"},"modified":"2018-02-26T08:46:27","modified_gmt":"2018-02-26T07:46:27","slug":"15-10-2006-smiljan-i-muzej-nikole-tesle","status":"publish","type":"post","link":"http:\/\/dits.hr\/?p=2715","title":{"rendered":"15. 10.2006. Smiljan i Muzej Nikole Tesle"},"content":{"rendered":"<p><strong><span style=\"font-family: helvetica, arial, sans-serif; font-size: 12pt;\">15. 10.2006. Smiljan i Muzej Nikole Tesle<\/span><\/strong><\/p>\n<p><strong><span style=\"font-family: helvetica, arial, sans-serif; font-size: 12pt;\">Voditelj izleta: Dragutin Lokmer<\/span><\/strong><\/p>\n<p><strong><span style=\"font-family: helvetica, arial, sans-serif; font-size: 12pt;\">Organizacija: Jovan \u0160u\u0107urovi\u0107<\/span><\/strong><\/p>\n<p><strong><span style=\"font-family: helvetica, arial, sans-serif; font-size: 12pt;\">&nbsp;<\/span><\/strong><span style=\"font-family: helvetica, arial, sans-serif; font-size: 12pt;\">Na ovom izletu pridru\u017eio nam se gospodin Mario Filipi, poznavalac \u017eivotnog puta i djela na\u0161eg slavnog izumitelja. Uz njegovo \u017eivopisno prepri\u010davanje pojedinih zgoda iz Teslinog \u017eivota putovanje autobusom \u010dinilo nam se kratkim.<\/span><\/p>\n<p><span style=\"font-family: helvetica, arial, sans-serif; font-size: 12pt;\">Muzej Nikole Tesle pripremljen je i prezentiran svjetski i na ovom mjestu ne\u0107emo prepri\u010davati sadr\u017eaj muzeja. Umjesto toga, topla je preporuka&#8230;treba oti\u0107i i vidjeti.<\/span><\/p>\n<p><img loading=\"lazy\" decoding=\"async\" class=\"aligncenter wp-image-2716 size-large\" src=\"http:\/\/dits.hr\/wp-content\/uploads\/2017\/01\/tes-759x1024.png\" width=\"759\" height=\"1024\" srcset=\"http:\/\/dits.hr\/wp-content\/uploads\/2017\/01\/tes-759x1024.png 759w, http:\/\/dits.hr\/wp-content\/uploads\/2017\/01\/tes-222x300.png 222w, http:\/\/dits.hr\/wp-content\/uploads\/2017\/01\/tes-768x1037.png 768w, http:\/\/dits.hr\/wp-content\/uploads\/2017\/01\/tes.png 1215w\" sizes=\"auto, (max-width: 759px) 100vw, 759px\" \/><\/p>\n<p style=\"text-align: center;\"><span style=\"font-family: helvetica, arial, sans-serif; font-size: 12pt;\">Spomenik Nikoli Tesli<\/span><\/p>\n<p style=\"text-align: center;\">&nbsp;<\/p>\n<p style=\"text-align: center;\"><img loading=\"lazy\" decoding=\"async\" class=\"aligncenter wp-image-2717 size-large\" src=\"http:\/\/dits.hr\/wp-content\/uploads\/2017\/01\/tes2-1024x760.png\" width=\"1024\" height=\"760\" srcset=\"http:\/\/dits.hr\/wp-content\/uploads\/2017\/01\/tes2-1024x760.png 1024w, http:\/\/dits.hr\/wp-content\/uploads\/2017\/01\/tes2-300x223.png 300w, http:\/\/dits.hr\/wp-content\/uploads\/2017\/01\/tes2-768x570.png 768w, http:\/\/dits.hr\/wp-content\/uploads\/2017\/01\/tes2.png 1767w\" sizes=\"auto, (max-width: 1024px) 100vw, 1024px\" \/><\/p>\n<p style=\"text-align: center;\"><span style=\"font-family: helvetica, arial, sans-serif; font-size: 12pt;\">Obnovljeni kompleks: crkva i u pozadini obnovljena rodna ku\u0107a Nikole Tesle<\/span><\/p>\n","protected":false},"excerpt":{"rendered":"<p>15. 10.2006. Smiljan i Muzej Nikole Tesle Voditelj izleta: Dragutin Lokmer Organizacija: Jovan \u0160u\u0107urovi\u0107 &nbsp;Na ovom izletu pridru\u017eio nam se gospodin Mario Filipi, poznavalac \u017eivotnog puta i djela na\u0161eg slavnog izumitelja. Uz njegovo \u017eivopisno prepri\u010davanje pojedinih zgoda iz Teslinog \u017eivota putovanje autobusom \u010dinilo nam se kratkim. Muzej Nikole Tesle pripremljen je i prezentiran svjetski i [&hellip;]<\/p>\n","protected":false},"author":1,"featured_media":2717,"comment_status":"closed","ping_status":"closed","sticky":false,"template":"","format":"standard","meta":{"footnotes":""},"categories":[1],"tags":[],"class_list":["post-2715","post","type-post","status-publish","format-standard","has-post-thumbnail","hentry","category-uncategorized"],"_links":{"self":[{"href":"http:\/\/dits.hr\/index.php?rest_route=\/wp\/v2\/posts\/2715","targetHints":{"allow":["GET"]}}],"collection":[{"href":"http:\/\/dits.hr\/index.php?rest_route=\/wp\/v2\/posts"}],"about":[{"href":"http:\/\/dits.hr\/index.php?rest_route=\/wp\/v2\/types\/post"}],"author":[{"embeddable":true,"href":"http:\/\/dits.hr\/index.php?rest_route=\/wp\/v2\/users\/1"}],"replies":[{"embeddable":true,"href":"http:\/\/dits.hr\/index.php?rest_route=%2Fwp%2Fv2%2Fcomments&post=2715"}],"version-history":[{"count":3,"href":"http:\/\/dits.hr\/index.php?rest_route=\/wp\/v2\/posts\/2715\/revisions"}],"predecessor-version":[{"id":3574,"href":"http:\/\/dits.hr\/index.php?rest_route=\/wp\/v2\/posts\/2715\/revisions\/3574"}],"wp:featuredmedia":[{"embeddable":true,"href":"http:\/\/dits.hr\/index.php?rest_route=\/wp\/v2\/media\/2717"}],"wp:attachment":[{"href":"http:\/\/dits.hr\/index.php?rest_route=%2Fwp%2Fv2%2Fmedia&parent=2715"}],"wp:term":[{"taxonomy":"category","embeddable":true,"href":"http:\/\/dits.hr\/index.php?rest_route=%2Fwp%2Fv2%2Fcategories&post=2715"},{"taxonomy":"post_tag","embeddable":true,"href":"http:\/\/dits.hr\/index.php?rest_route=%2Fwp%2Fv2%2Ftags&post=2715"}],"curies":[{"name":"wp","href":"https:\/\/api.w.org\/{rel}","templated":true}]}}