{"id":2689,"date":"1997-11-22T19:53:31","date_gmt":"1997-11-22T18:53:31","guid":{"rendered":"http:\/\/dits.hr\/?p=2689"},"modified":"2018-02-26T08:42:57","modified_gmt":"2018-02-26T07:42:57","slug":"22-11-1997-nuklearna-elektrana-krsko","status":"publish","type":"post","link":"http:\/\/dits.hr\/?p=2689","title":{"rendered":"22. 11. 1997. Nuklearna elektrana Kr\u0161ko"},"content":{"rendered":"<p><span style=\"font-family: helvetica, arial, sans-serif;\"><strong><span style=\"font-size: 12pt;\">22. 11. 1997. Nuklearna elektrana Kr\u0161ko<\/span><\/strong><\/span><\/p>\n<p><span style=\"font-family: helvetica, arial, sans-serif;\"><strong><span style=\"font-size: 12pt;\">Organizator i voditelj izleta: Ivan Dolenac, dipl.ing.kem.<\/span><\/strong><\/span><\/p>\n<p><span style=\"font-size: 12pt;\">Posjet je zapo\u010deo polusatnim filmom uz komentare i obja\u0161njenja. Nakon uvoda u funkcioniranje elektrane, pogledani su dijelovi elektrane uz stru\u010dnu pratnju i komentare in\u017eenjera &#8211; unutra\u0161njost,generator struje, kontrolna prostorija-mozak elektrane, skladi\u0161te nuklearnog otpada i drugo, osim,naravno, samog reaktora. Godine 1974. sklopljen je ugovor o isporuci opreme i gradnji nuklearne elektrane snage 632 MW s ameri\u010dkom tvrtkom Westinghouse. Slovenija i Hrvatska osigurale su sredstva za izgradnju, u jednakim udjelima. Po\u010detak komercijalnog rada je 1983. Vijek trajanja predvi\u0111en je do 2023. no taj je rok mogu\u0107e produ\u017eiti uz odre\u0111ena ulaganja i prepravke. Osnovni ekolo\u0161ki zahtjevi su da voda rijeke Save koju nuklearka koristi ne bude na ispustu vi\u0161e od tri stupnja toplija u odnosu na ulaznu vodu, a pove\u0107anje zra\u010denja u okolini mora biti manje od jedan posto prirodnog radioaktivnog zra\u010denja (Na osnovi \u010dlanka u Samoborskom listu od 06. 12. 1997.)<\/span><span style=\"font-family: helvetica, arial, sans-serif;\">.<\/span><\/p>\n<p><img loading=\"lazy\" decoding=\"async\" class=\"aligncenter wp-image-2762 size-large\" src=\"http:\/\/dits.hr\/wp-content\/uploads\/1997\/11\/kr\u0161ko2-1024x768.jpg\" width=\"1024\" height=\"768\" srcset=\"http:\/\/dits.hr\/wp-content\/uploads\/1997\/11\/kr\u0161ko2-1024x768.jpg 1024w, http:\/\/dits.hr\/wp-content\/uploads\/1997\/11\/kr\u0161ko2-300x225.jpg 300w, http:\/\/dits.hr\/wp-content\/uploads\/1997\/11\/kr\u0161ko2-768x576.jpg 768w, http:\/\/dits.hr\/wp-content\/uploads\/1997\/11\/kr\u0161ko2.jpg 1386w\" sizes=\"auto, (max-width: 1024px) 100vw, 1024px\" \/><\/p>\n<p>&nbsp;<\/p>\n<p><span style=\"font-size: 12pt;\">Rad NEK-a<\/span><\/p>\n<p><span style=\"font-size: 12pt;\"><em>Od nuklearne energije do elektri\u010dne energije.<\/em><\/span><\/p>\n<p><span style=\"font-size: 12pt;\">NEK radi sli\u010dno kao klasi\u010dna termoelektrana na fosilna goriva, iako izvor topline nije izgaranje ugljena ili plina, nego se toplina osloba\u0111a pri cijepanju jezgri urana u reaktoru. Reaktor \u010dine reaktorska posuda s gorivnim elementima, koji tvore jezgru reaktora. Kroz reaktor kru\u017ei pro\u010di\u0161\u0107ena obi\u010dna voda pod tlakom, koja odvodi oslobo\u0111enu toplinu u parogeneratore. U njima nastaje para koja pokre\u0107e turbinu, a ona pokre\u0107e elektri\u010dni generator. Sva oprema reaktora i pripadaju\u0107ega primarnog rashladnog kruga smje\u0161tena je u reaktorskoj zgradi, koja se zbog svoje funkcije naziva i za\u0161titna zgrada.<\/span><\/p>\n<p><span style=\"font-size: 12pt;\">Reaktorska posuda u kojoj su gorivni elementi tijekom rada je zatvorena. Za planiranu izmjenu goriva elektranu je potrebno zaustaviti. Razdoblje izme\u0111u dviju zamjena goriva naziva se gorivni ciklus, koji u NEK-u traje 18 mjeseci. Nakon zavr\u0161etka svakoga gorivnoga ciklusa istro\u0161eni se gorivni elementi nadomjeste svje\u017eim.<\/span><\/p>\n<p><img loading=\"lazy\" decoding=\"async\" class=\"aligncenter wp-image-2763 size-full\" src=\"http:\/\/dits.hr\/wp-content\/uploads\/1997\/11\/kr\u0161ko3.jpg\" width=\"500\" height=\"363\" srcset=\"http:\/\/dits.hr\/wp-content\/uploads\/1997\/11\/kr\u0161ko3.jpg 500w, http:\/\/dits.hr\/wp-content\/uploads\/1997\/11\/kr\u0161ko3-300x218.jpg 300w\" sizes=\"auto, (max-width: 500px) 100vw, 500px\" \/><\/p>\n<p style=\"background: white; text-align: center;\"><span style=\"font-size: 10pt; font-family: helvetica, arial, sans-serif; color: #3b3c3c; background: white;\">Radna shema NEK-a je pojednostavljena i prikazuje samo glavne komponente.<\/span><\/p>\n","protected":false},"excerpt":{"rendered":"<p>22. 11. 1997. Nuklearna elektrana Kr\u0161ko Organizator i voditelj izleta: Ivan Dolenac, dipl.ing.kem. Posjet je zapo\u010deo polusatnim filmom uz komentare i obja\u0161njenja. Nakon uvoda u funkcioniranje elektrane, pogledani su dijelovi elektrane uz stru\u010dnu pratnju i komentare in\u017eenjera &#8211; unutra\u0161njost,generator struje, kontrolna prostorija-mozak elektrane, skladi\u0161te nuklearnog otpada i drugo, osim,naravno, samog reaktora. Godine 1974. sklopljen je [&hellip;]<\/p>\n","protected":false},"author":1,"featured_media":0,"comment_status":"closed","ping_status":"closed","sticky":false,"template":"","format":"standard","meta":{"footnotes":""},"categories":[1],"tags":[],"class_list":["post-2689","post","type-post","status-publish","format-standard","hentry","category-uncategorized"],"_links":{"self":[{"href":"http:\/\/dits.hr\/index.php?rest_route=\/wp\/v2\/posts\/2689","targetHints":{"allow":["GET"]}}],"collection":[{"href":"http:\/\/dits.hr\/index.php?rest_route=\/wp\/v2\/posts"}],"about":[{"href":"http:\/\/dits.hr\/index.php?rest_route=\/wp\/v2\/types\/post"}],"author":[{"embeddable":true,"href":"http:\/\/dits.hr\/index.php?rest_route=\/wp\/v2\/users\/1"}],"replies":[{"embeddable":true,"href":"http:\/\/dits.hr\/index.php?rest_route=%2Fwp%2Fv2%2Fcomments&post=2689"}],"version-history":[{"count":6,"href":"http:\/\/dits.hr\/index.php?rest_route=\/wp\/v2\/posts\/2689\/revisions"}],"predecessor-version":[{"id":3562,"href":"http:\/\/dits.hr\/index.php?rest_route=\/wp\/v2\/posts\/2689\/revisions\/3562"}],"wp:attachment":[{"href":"http:\/\/dits.hr\/index.php?rest_route=%2Fwp%2Fv2%2Fmedia&parent=2689"}],"wp:term":[{"taxonomy":"category","embeddable":true,"href":"http:\/\/dits.hr\/index.php?rest_route=%2Fwp%2Fv2%2Fcategories&post=2689"},{"taxonomy":"post_tag","embeddable":true,"href":"http:\/\/dits.hr\/index.php?rest_route=%2Fwp%2Fv2%2Ftags&post=2689"}],"curies":[{"name":"wp","href":"https:\/\/api.w.org\/{rel}","templated":true}]}}