{"id":254,"date":"2016-01-21T10:12:25","date_gmt":"2016-01-21T09:12:25","guid":{"rendered":"http:\/\/dits.hr\/?p=254"},"modified":"2018-02-26T08:57:51","modified_gmt":"2018-02-26T07:57:51","slug":"iznenadenja-na-crvenom-marsu-i-dalekom-hladnom-plutonu","status":"publish","type":"post","link":"http:\/\/dits.hr\/?p=254","title":{"rendered":"Iznena\u0111enja na crvenom Marsu i dalekom hladnom Plutonu"},"content":{"rendered":"<p>Dru\u0161tvo in\u017eenjera i tehni\u010dara Grada Samobora i <a href=\"http:\/\/www.gks.hr\/\" target=\"_blank\">Gradska knji\u017enica Samobor<\/a> pozivaju Vas na predavanje\u00a0<strong>Iznena\u0111enja na crvenom Marsu i dalekom hladnom Plutonu<\/strong>.<\/p>\n<figure id=\"attachment_261\" aria-describedby=\"caption-attachment-261\" style=\"width: 474px\" class=\"wp-caption aligncenter\"><a href=\"http:\/\/dits.hr\/wp-content\/uploads\/2016\/01\/mars-curiosity-rover-msl-horizon-sky-self-portrait-PIA19808-br2.jpg\" rel=\"attachment wp-att-261\"><img loading=\"lazy\" decoding=\"async\" class=\"size-large wp-image-261\" src=\"http:\/\/dits.hr\/wp-content\/uploads\/2016\/01\/mars-curiosity-rover-msl-horizon-sky-self-portrait-PIA19808-br2-1024x624.jpg\" alt=\"Mars Curiosity Rover\" width=\"474\" height=\"289\" srcset=\"http:\/\/dits.hr\/wp-content\/uploads\/2016\/01\/mars-curiosity-rover-msl-horizon-sky-self-portrait-PIA19808-br2.jpg 1024w, http:\/\/dits.hr\/wp-content\/uploads\/2016\/01\/mars-curiosity-rover-msl-horizon-sky-self-portrait-PIA19808-br2-300x183.jpg 300w, http:\/\/dits.hr\/wp-content\/uploads\/2016\/01\/mars-curiosity-rover-msl-horizon-sky-self-portrait-PIA19808-br2-768x468.jpg 768w\" sizes=\"auto, (max-width: 474px) 100vw, 474px\" \/><\/a><figcaption id=\"caption-attachment-261\" class=\"wp-caption-text\">Slika: NASA\/JPL-Caltech\/MSSS<\/figcaption><\/figure>\n<p>Predava\u010d je Ante Radoni\u0107, voditelj planetarija Tehni\u010dkog muzeja u Zagrebu.<\/p>\n<p>Predavanje \u0107e se odr\u017eati 25. 1. 2016., na Odjelu za odrasle Gradske knji\u017enice Samobor, s po\u010detkom u 18:30.<\/p>\n<p>Radujemo se Va\u0161em dolasku!<\/p>\n","protected":false},"excerpt":{"rendered":"<p>Dru\u0161tvo in\u017eenjera i tehni\u010dara Grada Samobora i Gradska knji\u017enica Samobor pozivaju Vas na predavanje\u00a0Iznena\u0111enja na crvenom Marsu i dalekom hladnom Plutonu. Predava\u010d je Ante Radoni\u0107, voditelj planetarija Tehni\u010dkog muzeja u Zagrebu. Predavanje \u0107e se odr\u017eati 25. 1. 2016., na Odjelu za odrasle Gradske knji\u017enice Samobor, s po\u010detkom u 18:30. Radujemo se Va\u0161em dolasku!<\/p>\n","protected":false},"author":1,"featured_media":0,"comment_status":"closed","ping_status":"closed","sticky":false,"template":"","format":"standard","meta":{"footnotes":""},"categories":[1],"tags":[],"class_list":["post-254","post","type-post","status-publish","format-standard","hentry","category-uncategorized"],"_links":{"self":[{"href":"http:\/\/dits.hr\/index.php?rest_route=\/wp\/v2\/posts\/254","targetHints":{"allow":["GET"]}}],"collection":[{"href":"http:\/\/dits.hr\/index.php?rest_route=\/wp\/v2\/posts"}],"about":[{"href":"http:\/\/dits.hr\/index.php?rest_route=\/wp\/v2\/types\/post"}],"author":[{"embeddable":true,"href":"http:\/\/dits.hr\/index.php?rest_route=\/wp\/v2\/users\/1"}],"replies":[{"embeddable":true,"href":"http:\/\/dits.hr\/index.php?rest_route=%2Fwp%2Fv2%2Fcomments&post=254"}],"version-history":[{"count":9,"href":"http:\/\/dits.hr\/index.php?rest_route=\/wp\/v2\/posts\/254\/revisions"}],"predecessor-version":[{"id":3620,"href":"http:\/\/dits.hr\/index.php?rest_route=\/wp\/v2\/posts\/254\/revisions\/3620"}],"wp:attachment":[{"href":"http:\/\/dits.hr\/index.php?rest_route=%2Fwp%2Fv2%2Fmedia&parent=254"}],"wp:term":[{"taxonomy":"category","embeddable":true,"href":"http:\/\/dits.hr\/index.php?rest_route=%2Fwp%2Fv2%2Fcategories&post=254"},{"taxonomy":"post_tag","embeddable":true,"href":"http:\/\/dits.hr\/index.php?rest_route=%2Fwp%2Fv2%2Ftags&post=254"}],"curies":[{"name":"wp","href":"https:\/\/api.w.org\/{rel}","templated":true}]}}