{"id":226,"date":"2015-10-16T13:45:12","date_gmt":"2015-10-16T11:45:12","guid":{"rendered":"http:\/\/dits.hr\/?p=226"},"modified":"2018-02-26T08:55:58","modified_gmt":"2018-02-26T07:55:58","slug":"zavrsetak-i-prezentacija-projekta-suncani-sat-u-samoboru","status":"publish","type":"post","link":"http:\/\/dits.hr\/?p=226","title":{"rendered":"Zavr\u0161etak i prezentacija projekta \u201eSun\u010dani sat u Samoboru\u201c"},"content":{"rendered":"<p><a href=\"http:\/\/dits.hr\/wp-content\/uploads\/2015\/10\/1.jpg\"><img loading=\"lazy\" decoding=\"async\" class=\"aligncenter size-large wp-image-232\" src=\"http:\/\/dits.hr\/wp-content\/uploads\/2015\/10\/1-1024x765.jpg\" alt=\"Sun\u010dani sat\" width=\"474\" height=\"354\" srcset=\"http:\/\/dits.hr\/wp-content\/uploads\/2015\/10\/1-1024x765.jpg 1024w, http:\/\/dits.hr\/wp-content\/uploads\/2015\/10\/1-300x224.jpg 300w\" sizes=\"auto, (max-width: 474px) 100vw, 474px\" \/><\/a><\/p>\n<p>Sun\u010dani sat u Samoboru novi je dar Dru\u0161tva in\u017eenjera i tehni\u010dara grada Samobora gradu i gra\u0111anima za gradski ro\u0111endan i novi projekt ove asocijacije koja na ovim prostorima djeluje 20 godina. O tom i drugim projektima DITS-a govorio je njegov predsjednik<strong> Stjepan \u010crnjak<\/strong>. Sun\u010dani je sat predstavljen 16.10.2015. u sklopu gradskog komunalnog obilaska na \u0160etali\u0161tu uz Gradnu. Samoborski sun\u010dani sat je, prema jednim pokazateljima 71., a prema drugoj bazi podataka 101. u Hrvatskoj \u2013 rekao je na otvorenju tajnik DITS-a <strong>Robert Obraz<\/strong>.<\/p>\n<p><a href=\"http:\/\/dits.hr\/wp-content\/uploads\/2015\/10\/2.jpg\"><img loading=\"lazy\" decoding=\"async\" class=\"aligncenter size-large wp-image-227\" src=\"http:\/\/dits.hr\/wp-content\/uploads\/2015\/10\/2-1024x768.jpg\" alt=\"Predstavljanje Sun\u010danog sata\" width=\"474\" height=\"356\" srcset=\"http:\/\/dits.hr\/wp-content\/uploads\/2015\/10\/2-1024x768.jpg 1024w, http:\/\/dits.hr\/wp-content\/uploads\/2015\/10\/2-300x225.jpg 300w\" sizes=\"auto, (max-width: 474px) 100vw, 474px\" \/><\/a><\/p>\n<p>Sun\u010dani sat je anti\u010dka astronomska naprava, mo\u017eemo slobodno re\u0107i i prvi znanstveni instrument, kojom se prati kretanje nama najbli\u017ee zvijezde, Sunca, po nebeskoj sferi. Sunce se, u odnosu na Zemlju, giba relativno te gledaju\u0107i iz perspektive promatra\u010da na Zemlji, tijekom jedne godine mijenja visinu svoje putanje po ju\u017enom dijelu nebeske sfere. Glavni dijelovi svakog sun\u010danog sata su: broj\u010danik, koji pokazuje dijelove dana (sate) te \u0161tap ili gnomon \u010dija sjena pokazuje to\u010dno vrijeme.<\/p>\n<p><strong>&nbsp;<\/strong>Samoborski sun\u010dani sat razlikuje se od ostalih izgra\u0111enih sli\u010dnih satova u svijetu po tome \u0161to integrira dva razli\u010dita sun\u010dana sata<strong>: horizontalni i vertikalni sun\u010dani sat<\/strong> u jednu arhitektonsku cjelinu. Ve\u0107ina sun\u010danih satova izra\u0111ena je ili u horizontalnoj ili vertikalnoj ravnini \u2013 ovisno o pristupu i astronomskim kalkulacijama, na tlu ili na pro\u010deljima zgrada i stambenih objekata. DITS je u ovom projektu oti\u0161ao korak dalje te spojio dva razli\u010dita pristupa, <strong>interaktivni analemati\u010dki horizontalni<\/strong> i <strong>klasi\u010dni vertikalni sun\u010dani sat<\/strong> u jednu zanimljivu arhitektonsku minijaturu koja uklju\u010duje mudre izreke poznatih astronoma zaslu\u017enih za razvoj koncepta heliocentri\u010dnog sustava te haiku stihove s temom sun\u010danog sata, uklesane u pod.<\/p>\n<p><a href=\"http:\/\/dits.hr\/wp-content\/uploads\/2015\/10\/3.jpg\"><img loading=\"lazy\" decoding=\"async\" class=\"aligncenter size-large wp-image-228\" src=\"http:\/\/dits.hr\/wp-content\/uploads\/2015\/10\/3-1024x768.jpg\" alt=\"\u010clanovi DITS ispred Sun\u010danog sata\" width=\"474\" height=\"356\" srcset=\"http:\/\/dits.hr\/wp-content\/uploads\/2015\/10\/3-1024x768.jpg 1024w, http:\/\/dits.hr\/wp-content\/uploads\/2015\/10\/3-300x225.jpg 300w\" sizes=\"auto, (max-width: 474px) 100vw, 474px\" \/><\/a><\/p>\n<p>Projekt \u201e<strong>Sun\u010dani sat u Samoboru<\/strong>\u201c, kao i svi prija\u0161nji projekti, nastao je volonterskim radom \u010dlanova DITS-a, suradnjom s Poglavarstvom grada Samobora, te iznimnim doprinosom gra\u0111ana Grada Samobora koji uvijek podr\u017eavaju projekte DITS-a, bilo dobrovoljnim radom bilo financijskim ili materijalnim donacijama. Projekt \u201eSun\u010dani sat u Samoboru\u201c financijski su <strong>potpomogli sljede\u0107i donatori<\/strong>:<\/p>\n<ul>\n<li>Ivan Grgi\u0107<\/li>\n<li>Sanjin Mahovi\u0107<\/li>\n<li>Franjo Lamot<\/li>\n<li>Dra\u017een Lokmer<\/li>\n<li>Ante Radas<\/li>\n<li>Stjepan \u010crnjak<\/li>\n<li>Jasenka Bi\u0161\u0107an<\/li>\n<li>Antun Bi\u0161\u0107an<\/li>\n<li>Adolf Paar<\/li>\n<li>Franjo \u0160vari\u0107<\/li>\n<li>Dragutin Lokmer<\/li>\n<li>Branko Kolarek<\/li>\n<li>Vlado Herceg<\/li>\n<li>Mladen Duda\u0161<\/li>\n<li>Ivan Dolenac<\/li>\n<li>Marija \u017ditkovi\u0107<\/li>\n<li>Robert Obraz<\/li>\n<li>Josip Kumeri\u010dki<\/li>\n<\/ul>\n<p>Potporu u obliku donacija ovom projektu pru\u017eili su i <strong>poslovni subjekti<\/strong> s podru\u010dja grada Samobora kao \u0161to su:<\/p>\n<ul>\n<li>AS Floor d.o.o.<\/li>\n<li>Klesarstvo Jerbi\u0107<\/li>\n<li>Cromatec d.o.o.<\/li>\n<li>Samoborka d.d.<\/li>\n<li>Ivekovi\u0107 TZM<\/li>\n<li>Stolarija Andra\u0161ek<\/li>\n<li>Sampos d.o.o.<\/li>\n<li>Gabrijel-kop<\/li>\n<li>INOINOX<\/li>\n<li>Mapei Croatia d.o.o.<\/li>\n<li>Trasirka d.o.o.<\/li>\n<li>Elkoplast d.o.o.<\/li>\n<\/ul>\n<p>Financijsku potporu projektu dala je Zajednica tehni\u010dke kulture Zagreba\u010dke \u017eupanije.<\/p>\n<p><strong>Velika hvala svim na\u0161im donatorima i sponzorima<\/strong>.<\/p>\n<p>Svi dosada\u0161nji projekti Dru\u0161tva in\u017eenjera i tehni\u010dara Grada Samobora predani su na kori\u0161tenje gradu Samoboru kao javna dobra dostupna svima bez naknade, a koja slobodno koriste i gra\u0111ani i zainteresirani posjetitelji. Projekt \u201eSun\u010dani sat u Samoboru\u201c, kao i svi prethodni projekti ujedno su dio tehni\u010dkog i kulturno-povijesnog naslje\u0111a koje ostavljamo idu\u0107im generacijama.<\/p>\n<p>U petak, 16.10.2015. godine u sklopu Smotre Zajednice tehni\u010dke kulture Grada Samobora odr\u017eano je i predavanje o glavnim fazama projekta Sun\u010dani sat u Samoboru, od faze inicijalne ideje do zavr\u0161nih faza gra\u0111evinskih radova.<\/p>\n<!-- meta slider -->\n<div style=\"max-width: 900px;\" class=\"metaslider metaslider-flex metaslider-235 ml-slider\">\n    \n    <div id=\"metaslider_container_235\">\n        <div id=\"metaslider_235\">\n            <ul class=\"slides\">\n                <li style=\"display: block; width: 100%;\" class=\"slide-229 ms-image\"><img loading=\"lazy\" decoding=\"async\" src=\"http:\/\/dits.hr\/wp-content\/uploads\/2015\/10\/4-900x500.png\" height=\"500\" width=\"900\" alt=\"\" class=\"slider-235 slide-229\" \/><\/li>\n                <li style=\"display: none; width: 100%;\" class=\"slide-230 ms-image\"><img loading=\"lazy\" decoding=\"async\" src=\"http:\/\/dits.hr\/wp-content\/uploads\/2015\/10\/5-900x500.png\" height=\"500\" width=\"900\" alt=\"\" class=\"slider-235 slide-230\" \/><\/li>\n                <li style=\"display: none; width: 100%;\" class=\"slide-231 ms-image\"><img loading=\"lazy\" decoding=\"async\" src=\"http:\/\/dits.hr\/wp-content\/uploads\/2015\/10\/6-640x355.jpg\" height=\"500\" width=\"900\" alt=\"\" class=\"slider-235 slide-231\" \/><\/li>\n                <li style=\"display: none; width: 100%;\" class=\"slide-233 ms-image\"><img loading=\"lazy\" decoding=\"async\" src=\"http:\/\/dits.hr\/wp-content\/uploads\/2015\/10\/7-900x500.jpg\" height=\"500\" width=\"900\" alt=\"\" class=\"slider-235 slide-233\" \/><\/li>\n            <\/ul>\n        <\/div>\n        \n    <\/div>\n    <script type=\"text\/javascript\">\n        var metaslider_235 = function($) {\n            $('#metaslider_235').addClass('flexslider'); \/\/ theme\/plugin conflict avoidance\n            $('#metaslider_235').flexslider({ \n                slideshowSpeed:5000,\n                animation:\"fade\",\n                controlNav:true,\n                directionNav:true,\n                pauseOnHover:true,\n                direction:\"horizontal\",\n                reverse:false,\n                animationSpeed:600,\n                prevText:\"&lt;\",\n                nextText:\"&gt;\",\n                slideshow:true\n            });\n        };\n        var timer_metaslider_235 = function() {\n            var slider = !window.jQuery ? window.setTimeout(timer_metaslider_235, 100) : !jQuery.isReady ? window.setTimeout(timer_metaslider_235, 1) : metaslider_235(window.jQuery);\n        };\n        timer_metaslider_235();\n    <\/script>\n<\/div>\n<!--\/\/ meta slider-->\n<p style=\"text-align: right;\">Robert Obraz \u2013 tajnik DITS-a<\/p>\n","protected":false},"excerpt":{"rendered":"<p>Sun\u010dani sat u Samoboru novi je dar Dru\u0161tva in\u017eenjera i tehni\u010dara grada Samobora gradu i gra\u0111anima za gradski ro\u0111endan i novi projekt ove asocijacije koja na ovim prostorima djeluje 20 godina. O tom i drugim projektima DITS-a govorio je njegov predsjednik Stjepan \u010crnjak. Sun\u010dani je sat predstavljen 16.10.2015. u sklopu gradskog komunalnog obilaska na \u0160etali\u0161tu [&hellip;]<\/p>\n","protected":false},"author":1,"featured_media":0,"comment_status":"closed","ping_status":"closed","sticky":false,"template":"","format":"standard","meta":{"footnotes":""},"categories":[1],"tags":[],"class_list":["post-226","post","type-post","status-publish","format-standard","hentry","category-uncategorized"],"_links":{"self":[{"href":"http:\/\/dits.hr\/index.php?rest_route=\/wp\/v2\/posts\/226","targetHints":{"allow":["GET"]}}],"collection":[{"href":"http:\/\/dits.hr\/index.php?rest_route=\/wp\/v2\/posts"}],"about":[{"href":"http:\/\/dits.hr\/index.php?rest_route=\/wp\/v2\/types\/post"}],"author":[{"embeddable":true,"href":"http:\/\/dits.hr\/index.php?rest_route=\/wp\/v2\/users\/1"}],"replies":[{"embeddable":true,"href":"http:\/\/dits.hr\/index.php?rest_route=%2Fwp%2Fv2%2Fcomments&post=226"}],"version-history":[{"count":6,"href":"http:\/\/dits.hr\/index.php?rest_route=\/wp\/v2\/posts\/226\/revisions"}],"predecessor-version":[{"id":3612,"href":"http:\/\/dits.hr\/index.php?rest_route=\/wp\/v2\/posts\/226\/revisions\/3612"}],"wp:attachment":[{"href":"http:\/\/dits.hr\/index.php?rest_route=%2Fwp%2Fv2%2Fmedia&parent=226"}],"wp:term":[{"taxonomy":"category","embeddable":true,"href":"http:\/\/dits.hr\/index.php?rest_route=%2Fwp%2Fv2%2Fcategories&post=226"},{"taxonomy":"post_tag","embeddable":true,"href":"http:\/\/dits.hr\/index.php?rest_route=%2Fwp%2Fv2%2Ftags&post=226"}],"curies":[{"name":"wp","href":"https:\/\/api.w.org\/{rel}","templated":true}]}}